{"id":497,"date":"2024-09-25T16:51:19","date_gmt":"2024-09-25T13:51:19","guid":{"rendered":"https:\/\/yogunbakim2024.org\/TUYUD\/muhammed-guven\/"},"modified":"2024-10-14T14:19:57","modified_gmt":"2024-10-14T11:19:57","slug":"muhammet-guven","status":"publish","type":"post","link":"https:\/\/yogunbakim2024.org\/en\/TUYUD\/muhammet-guven\/","title":{"rendered":"Muhammet G\u00fcven"},"content":{"rendered":"<p>1995 y\u0131l\u0131nda \u00f6\u011fretim g\u00f6revlisi olarak Erciyes \u00dcniversitesi&#8217;nde akademisyenli\u011fe ba\u015flam\u0131\u015f, 1997 y\u0131l\u0131nda Yard\u0131mc\u0131 Do\u00e7ent, 2000 y\u0131l\u0131nda Do\u00e7ent, 2006 y\u0131l\u0131nda ise Profes\u00f6r olmu\u015ftur. 2005-2008 y\u0131llar\u0131nda Erciyes \u00dcniversitesi Hastanesi Ba\u015fhekim Yard\u0131mc\u0131s\u0131, 2006-2008 y\u0131llar\u0131nda D\u00f6ner Sermaye \u0130\u015fletme M\u00fcd\u00fcr\u00fc, yine 2006-2008 y\u0131llar\u0131nda \u0130\u00e7 Hastal\u0131klar\u0131 Anabilim Dal\u0131 Ba\u015fkan\u0131, 2008-2010 y\u0131llar\u0131 aras\u0131nda \u00dcniversite Hastanesi Ba\u015fhekimi, 2010-2016 y\u0131llar\u0131 aras\u0131nda Erciyes \u00dcniversitesi T\u0131p Fak\u00fcltesi Dekan\u0131, 2014-2016 y\u0131llar\u0131 aras\u0131nda ise Yo\u011fun Bak\u0131m Bilim Dal\u0131 Ba\u015fkan\u0131 olarak g\u00f6rev yapm\u0131\u015f, Ocak 2016 &#8211; Temmuz 2018 tarihleri aras\u0131nda Erciyes \u00dcniversitesi rekt\u00f6r\u00fc olarak g\u00f6rev yapm\u0131\u015ft\u0131r. 21 Temmuz 2018 tarihi itibar\u0131yla Sa\u011fl\u0131k Bakan Yard\u0131mc\u0131s\u0131 olarak atanm\u0131\u015ft\u0131r. Bakan yard\u0131mc\u0131l\u0131\u011f\u0131 g\u00f6revini 17 Kas\u0131m 2020 tarihine dek s\u00fcrd\u00fcrm\u00fc\u015ft\u00fcr. T\u00fcrk D\u00e2hili ve Cerrahi Bilimler Yo\u011fun Bak\u0131m Derne\u011fi Y\u00f6netim Kurulu \u00dcyeli\u011fi (2005-2014), T\u00fcrk D\u00e2hili ve Cerrahi Bilimler Yo\u011fun Bak\u0131m Derne\u011fi Y\u00f6netim Kurulu Ba\u015fkanl\u0131\u011f\u0131 (2008-2011) gibi bir\u00e7ok g\u00f6revi y\u00fcr\u00fctm\u00fc\u015ft\u00fcr.<\/p>","protected":false},"excerpt":{"rendered":"<p>Lokman Hekim \u00dcniversitesi<\/p>","protected":false},"author":1,"featured_media":816,"comment_status":"closed","ping_status":"closed","sticky":false,"template":"","format":"standard","meta":{"footnotes":""},"categories":[6],"tags":[],"class_list":["post-497","post","type-post","status-publish","format-standard","has-post-thumbnail","hentry","category-konusmacilar"],"blocksy_meta":[],"_links":{"self":[{"href":"https:\/\/yogunbakim2024.org\/en\/wp-json\/wp\/v2\/posts\/497","targetHints":{"allow":["GET"]}}],"collection":[{"href":"https:\/\/yogunbakim2024.org\/en\/wp-json\/wp\/v2\/posts"}],"about":[{"href":"https:\/\/yogunbakim2024.org\/en\/wp-json\/wp\/v2\/types\/post"}],"author":[{"embeddable":true,"href":"https:\/\/yogunbakim2024.org\/en\/wp-json\/wp\/v2\/users\/1"}],"replies":[{"embeddable":true,"href":"https:\/\/yogunbakim2024.org\/en\/wp-json\/wp\/v2\/comments?post=497"}],"version-history":[{"count":4,"href":"https:\/\/yogunbakim2024.org\/en\/wp-json\/wp\/v2\/posts\/497\/revisions"}],"predecessor-version":[{"id":815,"href":"https:\/\/yogunbakim2024.org\/en\/wp-json\/wp\/v2\/posts\/497\/revisions\/815"}],"wp:featuredmedia":[{"embeddable":true,"href":"https:\/\/yogunbakim2024.org\/en\/wp-json\/wp\/v2\/media\/816"}],"wp:attachment":[{"href":"https:\/\/yogunbakim2024.org\/en\/wp-json\/wp\/v2\/media?parent=497"}],"wp:term":[{"taxonomy":"category","embeddable":true,"href":"https:\/\/yogunbakim2024.org\/en\/wp-json\/wp\/v2\/categories?post=497"},{"taxonomy":"post_tag","embeddable":true,"href":"https:\/\/yogunbakim2024.org\/en\/wp-json\/wp\/v2\/tags?post=497"}],"curies":[{"name":"wp","href":"https:\/\/api.w.org\/{rel}","templated":true}]}}